{"id":3905,"date":"2024-03-03T08:31:40","date_gmt":"2024-03-03T08:31:40","guid":{"rendered":"https:\/\/giovannidanesi.com\/perdita-o-calo-delludito-sintomi-cause-rimedi-e-possibile-il-recupero-e-come\/"},"modified":"2024-03-03T08:33:37","modified_gmt":"2024-03-03T08:33:37","slug":"perdita-o-calo-delludito-sintomi-cause-rimedi-e-possibile-il-recupero-e-come","status":"publish","type":"post","link":"https:\/\/giovannidanesi.com\/en\/perdita-o-calo-delludito-sintomi-cause-rimedi-e-possibile-il-recupero-e-come\/","title":{"rendered":"Perdita (o calo) dell&#8217;udito: sintomi, cause, rimedi. \u00c8 possibile il recupero e come?"},"content":{"rendered":"<p>2 marzo 2024 | www.corriere.it |<\/p>\n<div class=\"content fxr-between-center is-mr-b-0\">\n<h1 class=\"title-art-hp is-xmedium is-line-h-106 is-mr-b-20\">Perdita (o calo) dell&#8217;udito: sintomi, cause, rimedi.<br \/>\n\u00c8 possibile il recupero e come?<\/h1>\n<\/div>\n<div class=\"content fxr-between-center is-mr-b-0\"><span id=\"m180-179-181\" class=\"author-art is-small has-text-grey-darker \">di <span class=\"writer\">Maria Giovanna Faiella<\/span><\/span><\/div>\n<p class=\"summary-art is-line-h-12\"><strong>Di ipoacusia soffrono sette milioni di italiani. Non \u00e8 solo un problema dovuto all&#8217;et\u00e0 ma pu\u00f2 dipendere da patologie che, se diagnosticate in tempo, si possono curare. Non vergognarsi di parlarne col medico o uno specialista.<\/strong><\/p>\n<p><img loading=\"lazy\" decoding=\"async\" class=\"alignnone wp-image-3898\" src=\"https:\/\/giovannidanesi.com\/wp-content\/uploads\/2024\/03\/65e1bdf0c4698.r_d.599-137-10515.jpeg\" alt=\"\" width=\"292\" height=\"164\" \/><\/p>\n<p><a href=\"https:\/\/www.sioechcf.it\/3a-giornata-di-sensibilizzazione-delludito-sioechcf-1-marzo-2024\/\" target=\"_blank\" rel=\"noopener\"><img loading=\"lazy\" decoding=\"async\" class=\"alignnone size-full wp-image-3902\" src=\"https:\/\/giovannidanesi.com\/wp-content\/uploads\/2024\/03\/giornata-SIO-malattie-orecchio-2024-home.jpg\" alt=\"\" width=\"1920\" height=\"1234\" srcset=\"https:\/\/giovannidanesi.com\/wp-content\/uploads\/2024\/03\/giornata-SIO-malattie-orecchio-2024-home.jpg 1920w, https:\/\/giovannidanesi.com\/wp-content\/uploads\/2024\/03\/giornata-SIO-malattie-orecchio-2024-home-1280x823.jpg 1280w, https:\/\/giovannidanesi.com\/wp-content\/uploads\/2024\/03\/giornata-SIO-malattie-orecchio-2024-home-980x630.jpg 980w, https:\/\/giovannidanesi.com\/wp-content\/uploads\/2024\/03\/giornata-SIO-malattie-orecchio-2024-home-480x309.jpg 480w\" sizes=\"auto, (min-width: 0px) and (max-width: 480px) 480px, (min-width: 481px) and (max-width: 980px) 980px, (min-width: 981px) and (max-width: 1280px) 1280px, (min-width: 1281px) 1920px, 100vw\" \/><\/a><\/p>\n<p>LEGGI L&#8217;ARTICOLO ON LINE: <a href=\"https:\/\/www.corriere.it\/salute\/disabilita\/24_marzo_02\/perdita-o-calo-dell-udito-sintomi-cause-rimedi-e-possibile-il-recupero-e-come-a1951c03-7b72-4661-aa3f-8309d4a38xlk.shtml\" target=\"_blank\" rel=\"noopener\"><strong>Link On-line<\/strong><\/a><\/p>\n<p>LEGGI L&#8217;ARTICOLO IN PDF; <strong><a href=\"https:\/\/giovannidanesi.com\/wp-content\/uploads\/2024\/03\/Perdita-o-calo-delludito-sintomi-cause-rimedi.-E-possibile-il-recupero-e-come-Corriere.it_.pdf\" target=\"_blank\" rel=\"noopener\">LinksPDF<\/a><\/strong><\/p>\n<p>SITO UFFICIALE 3\u00b0 GIORNATA NAZIONALE SIOeChCF &#8211; SIAF di Sensibilizzazione selle malattie dell&#8217;orecchio e conseguenti disturbi uditivi: <a href=\"https:\/\/www.sioechcf.it\/3a-giornata-di-sensibilizzazione-delludito-sioechcf-1-marzo-2024\/\" target=\"_blank\" rel=\"noopener\"><strong>www.sioechcf.it<\/strong><\/a><\/p>\n","protected":false},"excerpt":{"rendered":"<p>2 marzo 2024 | www.corriere.it | Perdita (o calo) dell&#8217;udito: sintomi, cause, rimedi. \u00c8 possibile il recupero e come? di Maria Giovanna Faiella Di ipoacusia soffrono sette milioni di italiani. Non \u00e8 solo un problema dovuto all&#8217;et\u00e0 ma pu\u00f2 dipendere da patologie che, se diagnosticate in tempo, si possono curare. Non vergognarsi di parlarne col [&hellip;]<\/p>\n","protected":false},"author":1,"featured_media":3899,"comment_status":"closed","ping_status":"closed","sticky":false,"template":"","format":"standard","meta":{"_et_pb_use_builder":"","_et_pb_old_content":"","_et_gb_content_width":"","footnotes":""},"categories":[23,22],"tags":[],"class_list":["post-3905","post","type-post","status-publish","format-standard","has-post-thumbnail","hentry","category-home-page-en","category-press"],"yoast_head":"<!-- This site is optimized with the Yoast SEO plugin v19.10 - https:\/\/yoast.com\/wordpress\/plugins\/seo\/ -->\n<title>Perdita (o calo) dell&#039;udito: sintomi, cause, rimedi. \u00c8 possibile il recupero e come? - Prof. Dr. Giovanni Danesi<\/title>\n<meta name=\"robots\" content=\"index, follow, max-snippet:-1, max-image-preview:large, max-video-preview:-1\" \/>\n<link rel=\"canonical\" href=\"https:\/\/giovannidanesi.com\/en\/perdita-o-calo-delludito-sintomi-cause-rimedi-e-possibile-il-recupero-e-come\/\" \/>\n<meta property=\"og:locale\" content=\"en_US\" \/>\n<meta property=\"og:type\" content=\"article\" \/>\n<meta property=\"og:title\" content=\"Perdita (o calo) dell&#039;udito: sintomi, cause, rimedi. \u00c8 possibile il recupero e come? - Prof. Dr. Giovanni Danesi\" \/>\n<meta property=\"og:description\" content=\"2 marzo 2024 | www.corriere.it | Perdita (o calo) dell&#8217;udito: sintomi, cause, rimedi. \u00c8 possibile il recupero e come? di Maria Giovanna Faiella Di ipoacusia soffrono sette milioni di italiani. Non \u00e8 solo un problema dovuto all&#8217;et\u00e0 ma pu\u00f2 dipendere da patologie che, se diagnosticate in tempo, si possono curare. Non vergognarsi di parlarne col [&hellip;]\" \/>\n<meta property=\"og:url\" content=\"https:\/\/giovannidanesi.com\/en\/perdita-o-calo-delludito-sintomi-cause-rimedi-e-possibile-il-recupero-e-come\/\" \/>\n<meta property=\"og:site_name\" content=\"Prof. Dr. Giovanni Danesi\" \/>\n<meta property=\"article:published_time\" content=\"2024-03-03T08:31:40+00:00\" \/>\n<meta property=\"article:modified_time\" content=\"2024-03-03T08:33:37+00:00\" \/>\n<meta property=\"og:image\" content=\"https:\/\/giovannidanesi.com\/wp-content\/uploads\/2024\/03\/65e1bdf0c4698.r_d.599-137-10515.jpeg\" \/>\n\t<meta property=\"og:image:width\" content=\"572\" \/>\n\t<meta property=\"og:image:height\" content=\"429\" \/>\n\t<meta property=\"og:image:type\" content=\"image\/jpeg\" \/>\n<meta name=\"author\" content=\"aepvf\" \/>\n<meta name=\"twitter:card\" content=\"summary_large_image\" \/>\n<meta name=\"twitter:label1\" content=\"Written by\" \/>\n\t<meta name=\"twitter:data1\" content=\"aepvf\" \/>\n<script type=\"application\/ld+json\" class=\"yoast-schema-graph\">{\"@context\":\"https:\/\/schema.org\",\"@graph\":[{\"@type\":\"WebPage\",\"@id\":\"https:\/\/giovannidanesi.com\/en\/perdita-o-calo-delludito-sintomi-cause-rimedi-e-possibile-il-recupero-e-come\/\",\"url\":\"https:\/\/giovannidanesi.com\/en\/perdita-o-calo-delludito-sintomi-cause-rimedi-e-possibile-il-recupero-e-come\/\",\"name\":\"Perdita (o calo) dell'udito: sintomi, cause, rimedi. \u00c8 possibile il recupero e come? - Prof. Dr. Giovanni Danesi\",\"isPartOf\":{\"@id\":\"https:\/\/giovannidanesi.com\/en\/#website\"},\"datePublished\":\"2024-03-03T08:31:40+00:00\",\"dateModified\":\"2024-03-03T08:33:37+00:00\",\"author\":{\"@id\":\"https:\/\/giovannidanesi.com\/en\/#\/schema\/person\/1ec2478f88c137f1da9965233dc892cf\"},\"breadcrumb\":{\"@id\":\"https:\/\/giovannidanesi.com\/en\/perdita-o-calo-delludito-sintomi-cause-rimedi-e-possibile-il-recupero-e-come\/#breadcrumb\"},\"inLanguage\":\"en-US\",\"potentialAction\":[{\"@type\":\"ReadAction\",\"target\":[\"https:\/\/giovannidanesi.com\/en\/perdita-o-calo-delludito-sintomi-cause-rimedi-e-possibile-il-recupero-e-come\/\"]}]},{\"@type\":\"BreadcrumbList\",\"@id\":\"https:\/\/giovannidanesi.com\/en\/perdita-o-calo-delludito-sintomi-cause-rimedi-e-possibile-il-recupero-e-come\/#breadcrumb\",\"itemListElement\":[{\"@type\":\"ListItem\",\"position\":1,\"name\":\"Home\",\"item\":\"https:\/\/giovannidanesi.com\/en\/\"},{\"@type\":\"ListItem\",\"position\":2,\"name\":\"Perdita (o calo) dell&#8217;udito: sintomi, cause, rimedi. \u00c8 possibile il recupero e come?\"}]},{\"@type\":\"WebSite\",\"@id\":\"https:\/\/giovannidanesi.com\/en\/#website\",\"url\":\"https:\/\/giovannidanesi.com\/en\/\",\"name\":\"Prof. Dr. Giovanni Danesi\",\"description\":\"OTORINOLARINGOIATRIA E CHIRURGIA CERVICO FACCIALE\",\"potentialAction\":[{\"@type\":\"SearchAction\",\"target\":{\"@type\":\"EntryPoint\",\"urlTemplate\":\"https:\/\/giovannidanesi.com\/en\/?s={search_term_string}\"},\"query-input\":\"required name=search_term_string\"}],\"inLanguage\":\"en-US\"},{\"@type\":\"Person\",\"@id\":\"https:\/\/giovannidanesi.com\/en\/#\/schema\/person\/1ec2478f88c137f1da9965233dc892cf\",\"name\":\"aepvf\",\"image\":{\"@type\":\"ImageObject\",\"inLanguage\":\"en-US\",\"@id\":\"https:\/\/giovannidanesi.com\/en\/#\/schema\/person\/image\/\",\"url\":\"https:\/\/secure.gravatar.com\/avatar\/d9744c5105c6751642634f7198d5a499bbc56a35cfda983df618d243c1717b19?s=96&d=mm&r=g\",\"contentUrl\":\"https:\/\/secure.gravatar.com\/avatar\/d9744c5105c6751642634f7198d5a499bbc56a35cfda983df618d243c1717b19?s=96&d=mm&r=g\",\"caption\":\"aepvf\"},\"sameAs\":[\"http:\/\/www.wordpress.giovannidanesi.com\"],\"url\":\"https:\/\/giovannidanesi.com\/en\/author\/aepvf\/\"}]}<\/script>\n<!-- \/ Yoast SEO plugin. -->","yoast_head_json":{"title":"Perdita (o calo) dell'udito: sintomi, cause, rimedi. \u00c8 possibile il recupero e come? - Prof. Dr. Giovanni Danesi","robots":{"index":"index","follow":"follow","max-snippet":"max-snippet:-1","max-image-preview":"max-image-preview:large","max-video-preview":"max-video-preview:-1"},"canonical":"https:\/\/giovannidanesi.com\/en\/perdita-o-calo-delludito-sintomi-cause-rimedi-e-possibile-il-recupero-e-come\/","og_locale":"en_US","og_type":"article","og_title":"Perdita (o calo) dell'udito: sintomi, cause, rimedi. \u00c8 possibile il recupero e come? - Prof. Dr. Giovanni Danesi","og_description":"2 marzo 2024 | www.corriere.it | Perdita (o calo) dell&#8217;udito: sintomi, cause, rimedi. \u00c8 possibile il recupero e come? di Maria Giovanna Faiella Di ipoacusia soffrono sette milioni di italiani. Non \u00e8 solo un problema dovuto all&#8217;et\u00e0 ma pu\u00f2 dipendere da patologie che, se diagnosticate in tempo, si possono curare. Non vergognarsi di parlarne col [&hellip;]","og_url":"https:\/\/giovannidanesi.com\/en\/perdita-o-calo-delludito-sintomi-cause-rimedi-e-possibile-il-recupero-e-come\/","og_site_name":"Prof. Dr. Giovanni Danesi","article_published_time":"2024-03-03T08:31:40+00:00","article_modified_time":"2024-03-03T08:33:37+00:00","og_image":[{"width":572,"height":429,"url":"https:\/\/giovannidanesi.com\/wp-content\/uploads\/2024\/03\/65e1bdf0c4698.r_d.599-137-10515.jpeg","type":"image\/jpeg"}],"author":"aepvf","twitter_card":"summary_large_image","twitter_misc":{"Written by":"aepvf"},"schema":{"@context":"https:\/\/schema.org","@graph":[{"@type":"WebPage","@id":"https:\/\/giovannidanesi.com\/en\/perdita-o-calo-delludito-sintomi-cause-rimedi-e-possibile-il-recupero-e-come\/","url":"https:\/\/giovannidanesi.com\/en\/perdita-o-calo-delludito-sintomi-cause-rimedi-e-possibile-il-recupero-e-come\/","name":"Perdita (o calo) dell'udito: sintomi, cause, rimedi. \u00c8 possibile il recupero e come? - Prof. Dr. Giovanni Danesi","isPartOf":{"@id":"https:\/\/giovannidanesi.com\/en\/#website"},"datePublished":"2024-03-03T08:31:40+00:00","dateModified":"2024-03-03T08:33:37+00:00","author":{"@id":"https:\/\/giovannidanesi.com\/en\/#\/schema\/person\/1ec2478f88c137f1da9965233dc892cf"},"breadcrumb":{"@id":"https:\/\/giovannidanesi.com\/en\/perdita-o-calo-delludito-sintomi-cause-rimedi-e-possibile-il-recupero-e-come\/#breadcrumb"},"inLanguage":"en-US","potentialAction":[{"@type":"ReadAction","target":["https:\/\/giovannidanesi.com\/en\/perdita-o-calo-delludito-sintomi-cause-rimedi-e-possibile-il-recupero-e-come\/"]}]},{"@type":"BreadcrumbList","@id":"https:\/\/giovannidanesi.com\/en\/perdita-o-calo-delludito-sintomi-cause-rimedi-e-possibile-il-recupero-e-come\/#breadcrumb","itemListElement":[{"@type":"ListItem","position":1,"name":"Home","item":"https:\/\/giovannidanesi.com\/en\/"},{"@type":"ListItem","position":2,"name":"Perdita (o calo) dell&#8217;udito: sintomi, cause, rimedi. \u00c8 possibile il recupero e come?"}]},{"@type":"WebSite","@id":"https:\/\/giovannidanesi.com\/en\/#website","url":"https:\/\/giovannidanesi.com\/en\/","name":"Prof. Dr. Giovanni Danesi","description":"OTORINOLARINGOIATRIA E CHIRURGIA CERVICO FACCIALE","potentialAction":[{"@type":"SearchAction","target":{"@type":"EntryPoint","urlTemplate":"https:\/\/giovannidanesi.com\/en\/?s={search_term_string}"},"query-input":"required name=search_term_string"}],"inLanguage":"en-US"},{"@type":"Person","@id":"https:\/\/giovannidanesi.com\/en\/#\/schema\/person\/1ec2478f88c137f1da9965233dc892cf","name":"aepvf","image":{"@type":"ImageObject","inLanguage":"en-US","@id":"https:\/\/giovannidanesi.com\/en\/#\/schema\/person\/image\/","url":"https:\/\/secure.gravatar.com\/avatar\/d9744c5105c6751642634f7198d5a499bbc56a35cfda983df618d243c1717b19?s=96&d=mm&r=g","contentUrl":"https:\/\/secure.gravatar.com\/avatar\/d9744c5105c6751642634f7198d5a499bbc56a35cfda983df618d243c1717b19?s=96&d=mm&r=g","caption":"aepvf"},"sameAs":["http:\/\/www.wordpress.giovannidanesi.com"],"url":"https:\/\/giovannidanesi.com\/en\/author\/aepvf\/"}]}},"_links":{"self":[{"href":"https:\/\/giovannidanesi.com\/en\/wp-json\/wp\/v2\/posts\/3905","targetHints":{"allow":["GET"]}}],"collection":[{"href":"https:\/\/giovannidanesi.com\/en\/wp-json\/wp\/v2\/posts"}],"about":[{"href":"https:\/\/giovannidanesi.com\/en\/wp-json\/wp\/v2\/types\/post"}],"author":[{"embeddable":true,"href":"https:\/\/giovannidanesi.com\/en\/wp-json\/wp\/v2\/users\/1"}],"replies":[{"embeddable":true,"href":"https:\/\/giovannidanesi.com\/en\/wp-json\/wp\/v2\/comments?post=3905"}],"version-history":[{"count":2,"href":"https:\/\/giovannidanesi.com\/en\/wp-json\/wp\/v2\/posts\/3905\/revisions"}],"predecessor-version":[{"id":3907,"href":"https:\/\/giovannidanesi.com\/en\/wp-json\/wp\/v2\/posts\/3905\/revisions\/3907"}],"wp:featuredmedia":[{"embeddable":true,"href":"https:\/\/giovannidanesi.com\/en\/wp-json\/wp\/v2\/media\/3899"}],"wp:attachment":[{"href":"https:\/\/giovannidanesi.com\/en\/wp-json\/wp\/v2\/media?parent=3905"}],"wp:term":[{"taxonomy":"category","embeddable":true,"href":"https:\/\/giovannidanesi.com\/en\/wp-json\/wp\/v2\/categories?post=3905"},{"taxonomy":"post_tag","embeddable":true,"href":"https:\/\/giovannidanesi.com\/en\/wp-json\/wp\/v2\/tags?post=3905"}],"curies":[{"name":"wp","href":"https:\/\/api.w.org\/{rel}","templated":true}]}}