{"id":2787,"date":"2020-06-22T14:55:00","date_gmt":"2020-06-22T14:55:00","guid":{"rendered":"http:\/\/www.wordpress.giovannidanesi.com\/2020\/06\/22\/ospedale-di-bergamo-primo-intervento-orecchio-bionico-dopo-il-lockdown\/"},"modified":"2020-06-22T14:55:00","modified_gmt":"2020-06-22T14:55:00","slug":"ospedale-di-bergamo-primo-intervento-orecchio-bionico-dopo-il-lockdown","status":"publish","type":"post","link":"https:\/\/giovannidanesi.com\/en\/ospedale-di-bergamo-primo-intervento-orecchio-bionico-dopo-il-lockdown\/","title":{"rendered":"Ospedale di Bergamo: primo intervento &#8220;orecchio bionico&#8221; dopo il lockdown"},"content":{"rendered":"\n<p>www.lombardiaspeciale.regione.lombardia.it<\/p>\n\n\n\n<figure class=\"wp-block-image size-large\"><img decoding=\"async\" src=\"https:\/\/www.wordpress.giovannidanesi.com\/wp-content\/uploads\/2020\/06\/2022-06-08_16h59_02-1024x555.jpg\" alt=\"\"\/><\/figure>\n\n\n\n<p>Antonio Alborghetti \u00e8 <strong>il primo paziente sottoposto a impianto cocleare, il cosiddetto orecchio bionico, dopo lo scoppio della pandemia<\/strong> all&#8217;ospedale Papa Giovanni di Bergamo. Bergamasco, 63 anni, \u00e8 entrato in sala il 26 maggio e come lui sono gi\u00e0 pronti alla loro Fase 2 altri pazienti che saranno operati nel mese di giugno.<\/p>\n\n\n\n<p>Gi\u00e0 operato nel 2002, a gennaio necessitava di un nuovo intervento programmato per la sostituzione dell&#8217;impianto, ma&nbsp;l`emergenza Covid ne ha costretto il posticipo&nbsp;L&#8217;intervento si pone come risolutivo per neonati con diagnosi di sordit\u00e0 profonda individuati attraverso protocolli di screening regionali effettuati nei primi giorni di vita, ma anche per adulti che possono perdere parzialmente o totalmente la propria capacit\u00e0 uditiva.<\/p>\n\n\n\n<p>Il direttore dell&#8217;Unit\u00e0 Operativa di Otorinolaringoiatria Giovanni Danesi ha commentato: si tratta di una forma di telemedicina mediata comunque dalla presenza di un nostro professionista che ci consente di confermare il nostro ruolo di centro di riferimento per gli impianti cocleari, curando tutte le fasi, dalla selezione al trattamento chirurgico, dalla regolazione del dispositivo fino al trattamento riabilitativo post-impianto.<\/p>\n\n\n\n<blockquote class=\"wp-block-quote is-layout-flow wp-block-quote-is-layout-flow\"><p><strong><a href=\"https:\/\/www.lombardiaspeciale.regione.lombardia.it\/wps\/portal\/LS\/Home\/News\/Dettaglio-News\/2020\/06-giugno\/orecchio-bionico-bergamo\" target=\"_blank\" rel=\"noreferrer noopener\">&gt; Leggi l&#8217;articolo<\/a><\/strong><\/p><\/blockquote>\n\n\n\n<blockquote class=\"wp-block-quote is-layout-flow wp-block-quote-is-layout-flow\"><p><strong><a href=\"http:\/\/www.wordpress.giovannidanesi.com\/wp-content\/uploads\/2022\/06\/Ospedale-di-Bergamo-primo-intervento-orecchio-bionico-dopo-il-lockdown-Lombardia-Speciale.pdf\" target=\"_blank\" rel=\"noreferrer noopener\">&gt; Apri PDF<\/a><\/strong><\/p><\/blockquote>\n","protected":false},"excerpt":{"rendered":"<p>www.lombardiaspeciale.regione.lombardia.it Antonio Alborghetti \u00e8 il primo paziente sottoposto a impianto cocleare, il cosiddetto orecchio bionico, dopo lo scoppio della pandemia all&#8217;ospedale Papa Giovanni di Bergamo. Bergamasco, 63 anni, \u00e8 entrato in sala il 26 maggio e come lui sono gi\u00e0 pronti alla loro Fase 2 altri pazienti che saranno operati nel mese di giugno. Gi\u00e0 [&hellip;]<\/p>\n","protected":false},"author":1,"featured_media":2561,"comment_status":"open","ping_status":"open","sticky":false,"template":"","format":"standard","meta":{"_et_pb_use_builder":"","_et_pb_old_content":"","_et_gb_content_width":"","footnotes":""},"categories":[22],"tags":[],"class_list":["post-2787","post","type-post","status-publish","format-standard","has-post-thumbnail","hentry","category-press"],"yoast_head":"<!-- This site is optimized with the Yoast SEO plugin v19.10 - https:\/\/yoast.com\/wordpress\/plugins\/seo\/ -->\n<title>Ospedale di Bergamo: primo intervento &quot;orecchio bionico&quot; dopo il lockdown - Prof. Dr. Giovanni Danesi<\/title>\n<meta name=\"robots\" content=\"index, follow, max-snippet:-1, max-image-preview:large, max-video-preview:-1\" \/>\n<link rel=\"canonical\" href=\"https:\/\/giovannidanesi.com\/en\/ospedale-di-bergamo-primo-intervento-orecchio-bionico-dopo-il-lockdown\/\" \/>\n<meta property=\"og:locale\" content=\"en_US\" \/>\n<meta property=\"og:type\" content=\"article\" \/>\n<meta property=\"og:title\" content=\"Ospedale di Bergamo: primo intervento &quot;orecchio bionico&quot; dopo il lockdown - Prof. Dr. Giovanni Danesi\" \/>\n<meta property=\"og:description\" content=\"www.lombardiaspeciale.regione.lombardia.it Antonio Alborghetti \u00e8 il primo paziente sottoposto a impianto cocleare, il cosiddetto orecchio bionico, dopo lo scoppio della pandemia all&#8217;ospedale Papa Giovanni di Bergamo. Bergamasco, 63 anni, \u00e8 entrato in sala il 26 maggio e come lui sono gi\u00e0 pronti alla loro Fase 2 altri pazienti che saranno operati nel mese di giugno. Gi\u00e0 [&hellip;]\" \/>\n<meta property=\"og:url\" content=\"https:\/\/giovannidanesi.com\/en\/ospedale-di-bergamo-primo-intervento-orecchio-bionico-dopo-il-lockdown\/\" \/>\n<meta property=\"og:site_name\" content=\"Prof. Dr. Giovanni Danesi\" \/>\n<meta property=\"article:published_time\" content=\"2020-06-22T14:55:00+00:00\" \/>\n<meta property=\"og:image\" content=\"https:\/\/www.wordpress.giovannidanesi.com\/wp-content\/uploads\/2020\/06\/2022-06-08_16h59_02.jpg\" \/>\n\t<meta property=\"og:image:width\" content=\"1623\" \/>\n\t<meta property=\"og:image:height\" content=\"879\" \/>\n\t<meta property=\"og:image:type\" content=\"image\/jpeg\" \/>\n<meta name=\"author\" content=\"aepvf\" \/>\n<meta name=\"twitter:card\" content=\"summary_large_image\" \/>\n<meta name=\"twitter:label1\" content=\"Written by\" \/>\n\t<meta name=\"twitter:data1\" content=\"aepvf\" \/>\n\t<meta name=\"twitter:label2\" content=\"Est. reading time\" \/>\n\t<meta name=\"twitter:data2\" content=\"1 minute\" \/>\n<script type=\"application\/ld+json\" class=\"yoast-schema-graph\">{\"@context\":\"https:\/\/schema.org\",\"@graph\":[{\"@type\":\"WebPage\",\"@id\":\"https:\/\/giovannidanesi.com\/en\/ospedale-di-bergamo-primo-intervento-orecchio-bionico-dopo-il-lockdown\/\",\"url\":\"https:\/\/giovannidanesi.com\/en\/ospedale-di-bergamo-primo-intervento-orecchio-bionico-dopo-il-lockdown\/\",\"name\":\"Ospedale di Bergamo: primo intervento \\\"orecchio bionico\\\" dopo il lockdown - Prof. Dr. Giovanni Danesi\",\"isPartOf\":{\"@id\":\"https:\/\/giovannidanesi.com\/en\/#website\"},\"datePublished\":\"2020-06-22T14:55:00+00:00\",\"dateModified\":\"2020-06-22T14:55:00+00:00\",\"author\":{\"@id\":\"https:\/\/giovannidanesi.com\/en\/#\/schema\/person\/1ec2478f88c137f1da9965233dc892cf\"},\"breadcrumb\":{\"@id\":\"https:\/\/giovannidanesi.com\/en\/ospedale-di-bergamo-primo-intervento-orecchio-bionico-dopo-il-lockdown\/#breadcrumb\"},\"inLanguage\":\"en-US\",\"potentialAction\":[{\"@type\":\"ReadAction\",\"target\":[\"https:\/\/giovannidanesi.com\/en\/ospedale-di-bergamo-primo-intervento-orecchio-bionico-dopo-il-lockdown\/\"]}]},{\"@type\":\"BreadcrumbList\",\"@id\":\"https:\/\/giovannidanesi.com\/en\/ospedale-di-bergamo-primo-intervento-orecchio-bionico-dopo-il-lockdown\/#breadcrumb\",\"itemListElement\":[{\"@type\":\"ListItem\",\"position\":1,\"name\":\"Home\",\"item\":\"https:\/\/giovannidanesi.com\/en\/\"},{\"@type\":\"ListItem\",\"position\":2,\"name\":\"Ospedale di Bergamo: primo intervento &#8220;orecchio bionico&#8221; dopo il lockdown\"}]},{\"@type\":\"WebSite\",\"@id\":\"https:\/\/giovannidanesi.com\/en\/#website\",\"url\":\"https:\/\/giovannidanesi.com\/en\/\",\"name\":\"Prof. Dr. Giovanni Danesi\",\"description\":\"OTORINOLARINGOIATRIA E CHIRURGIA CERVICO FACCIALE\",\"potentialAction\":[{\"@type\":\"SearchAction\",\"target\":{\"@type\":\"EntryPoint\",\"urlTemplate\":\"https:\/\/giovannidanesi.com\/en\/?s={search_term_string}\"},\"query-input\":\"required name=search_term_string\"}],\"inLanguage\":\"en-US\"},{\"@type\":\"Person\",\"@id\":\"https:\/\/giovannidanesi.com\/en\/#\/schema\/person\/1ec2478f88c137f1da9965233dc892cf\",\"name\":\"aepvf\",\"image\":{\"@type\":\"ImageObject\",\"inLanguage\":\"en-US\",\"@id\":\"https:\/\/giovannidanesi.com\/en\/#\/schema\/person\/image\/\",\"url\":\"https:\/\/secure.gravatar.com\/avatar\/d9744c5105c6751642634f7198d5a499bbc56a35cfda983df618d243c1717b19?s=96&d=mm&r=g\",\"contentUrl\":\"https:\/\/secure.gravatar.com\/avatar\/d9744c5105c6751642634f7198d5a499bbc56a35cfda983df618d243c1717b19?s=96&d=mm&r=g\",\"caption\":\"aepvf\"},\"sameAs\":[\"http:\/\/www.wordpress.giovannidanesi.com\"],\"url\":\"https:\/\/giovannidanesi.com\/en\/author\/aepvf\/\"}]}<\/script>\n<!-- \/ Yoast SEO plugin. -->","yoast_head_json":{"title":"Ospedale di Bergamo: primo intervento \"orecchio bionico\" dopo il lockdown - Prof. Dr. Giovanni Danesi","robots":{"index":"index","follow":"follow","max-snippet":"max-snippet:-1","max-image-preview":"max-image-preview:large","max-video-preview":"max-video-preview:-1"},"canonical":"https:\/\/giovannidanesi.com\/en\/ospedale-di-bergamo-primo-intervento-orecchio-bionico-dopo-il-lockdown\/","og_locale":"en_US","og_type":"article","og_title":"Ospedale di Bergamo: primo intervento \"orecchio bionico\" dopo il lockdown - Prof. Dr. Giovanni Danesi","og_description":"www.lombardiaspeciale.regione.lombardia.it Antonio Alborghetti \u00e8 il primo paziente sottoposto a impianto cocleare, il cosiddetto orecchio bionico, dopo lo scoppio della pandemia all&#8217;ospedale Papa Giovanni di Bergamo. Bergamasco, 63 anni, \u00e8 entrato in sala il 26 maggio e come lui sono gi\u00e0 pronti alla loro Fase 2 altri pazienti che saranno operati nel mese di giugno. Gi\u00e0 [&hellip;]","og_url":"https:\/\/giovannidanesi.com\/en\/ospedale-di-bergamo-primo-intervento-orecchio-bionico-dopo-il-lockdown\/","og_site_name":"Prof. Dr. Giovanni Danesi","article_published_time":"2020-06-22T14:55:00+00:00","og_image":[{"width":1623,"height":879,"url":"https:\/\/www.wordpress.giovannidanesi.com\/wp-content\/uploads\/2020\/06\/2022-06-08_16h59_02.jpg","type":"image\/jpeg"}],"author":"aepvf","twitter_card":"summary_large_image","twitter_misc":{"Written by":"aepvf","Est. reading time":"1 minute"},"schema":{"@context":"https:\/\/schema.org","@graph":[{"@type":"WebPage","@id":"https:\/\/giovannidanesi.com\/en\/ospedale-di-bergamo-primo-intervento-orecchio-bionico-dopo-il-lockdown\/","url":"https:\/\/giovannidanesi.com\/en\/ospedale-di-bergamo-primo-intervento-orecchio-bionico-dopo-il-lockdown\/","name":"Ospedale di Bergamo: primo intervento \"orecchio bionico\" dopo il lockdown - Prof. Dr. Giovanni Danesi","isPartOf":{"@id":"https:\/\/giovannidanesi.com\/en\/#website"},"datePublished":"2020-06-22T14:55:00+00:00","dateModified":"2020-06-22T14:55:00+00:00","author":{"@id":"https:\/\/giovannidanesi.com\/en\/#\/schema\/person\/1ec2478f88c137f1da9965233dc892cf"},"breadcrumb":{"@id":"https:\/\/giovannidanesi.com\/en\/ospedale-di-bergamo-primo-intervento-orecchio-bionico-dopo-il-lockdown\/#breadcrumb"},"inLanguage":"en-US","potentialAction":[{"@type":"ReadAction","target":["https:\/\/giovannidanesi.com\/en\/ospedale-di-bergamo-primo-intervento-orecchio-bionico-dopo-il-lockdown\/"]}]},{"@type":"BreadcrumbList","@id":"https:\/\/giovannidanesi.com\/en\/ospedale-di-bergamo-primo-intervento-orecchio-bionico-dopo-il-lockdown\/#breadcrumb","itemListElement":[{"@type":"ListItem","position":1,"name":"Home","item":"https:\/\/giovannidanesi.com\/en\/"},{"@type":"ListItem","position":2,"name":"Ospedale di Bergamo: primo intervento &#8220;orecchio bionico&#8221; dopo il lockdown"}]},{"@type":"WebSite","@id":"https:\/\/giovannidanesi.com\/en\/#website","url":"https:\/\/giovannidanesi.com\/en\/","name":"Prof. Dr. Giovanni Danesi","description":"OTORINOLARINGOIATRIA E CHIRURGIA CERVICO FACCIALE","potentialAction":[{"@type":"SearchAction","target":{"@type":"EntryPoint","urlTemplate":"https:\/\/giovannidanesi.com\/en\/?s={search_term_string}"},"query-input":"required name=search_term_string"}],"inLanguage":"en-US"},{"@type":"Person","@id":"https:\/\/giovannidanesi.com\/en\/#\/schema\/person\/1ec2478f88c137f1da9965233dc892cf","name":"aepvf","image":{"@type":"ImageObject","inLanguage":"en-US","@id":"https:\/\/giovannidanesi.com\/en\/#\/schema\/person\/image\/","url":"https:\/\/secure.gravatar.com\/avatar\/d9744c5105c6751642634f7198d5a499bbc56a35cfda983df618d243c1717b19?s=96&d=mm&r=g","contentUrl":"https:\/\/secure.gravatar.com\/avatar\/d9744c5105c6751642634f7198d5a499bbc56a35cfda983df618d243c1717b19?s=96&d=mm&r=g","caption":"aepvf"},"sameAs":["http:\/\/www.wordpress.giovannidanesi.com"],"url":"https:\/\/giovannidanesi.com\/en\/author\/aepvf\/"}]}},"_links":{"self":[{"href":"https:\/\/giovannidanesi.com\/en\/wp-json\/wp\/v2\/posts\/2787","targetHints":{"allow":["GET"]}}],"collection":[{"href":"https:\/\/giovannidanesi.com\/en\/wp-json\/wp\/v2\/posts"}],"about":[{"href":"https:\/\/giovannidanesi.com\/en\/wp-json\/wp\/v2\/types\/post"}],"author":[{"embeddable":true,"href":"https:\/\/giovannidanesi.com\/en\/wp-json\/wp\/v2\/users\/1"}],"replies":[{"embeddable":true,"href":"https:\/\/giovannidanesi.com\/en\/wp-json\/wp\/v2\/comments?post=2787"}],"version-history":[{"count":0,"href":"https:\/\/giovannidanesi.com\/en\/wp-json\/wp\/v2\/posts\/2787\/revisions"}],"wp:featuredmedia":[{"embeddable":true,"href":"https:\/\/giovannidanesi.com\/en\/wp-json\/wp\/v2\/media\/2561"}],"wp:attachment":[{"href":"https:\/\/giovannidanesi.com\/en\/wp-json\/wp\/v2\/media?parent=2787"}],"wp:term":[{"taxonomy":"category","embeddable":true,"href":"https:\/\/giovannidanesi.com\/en\/wp-json\/wp\/v2\/categories?post=2787"},{"taxonomy":"post_tag","embeddable":true,"href":"https:\/\/giovannidanesi.com\/en\/wp-json\/wp\/v2\/tags?post=2787"}],"curies":[{"name":"wp","href":"https:\/\/api.w.org\/{rel}","templated":true}]}}