{"id":2753,"date":"2014-10-17T07:58:00","date_gmt":"2014-10-17T07:58:00","guid":{"rendered":"http:\/\/www.wordpress.giovannidanesi.com\/2014\/10\/17\/aooi-xxxviii-convegno-nazionale-di-aggiornamento-aooi-2014\/"},"modified":"2014-10-17T07:58:00","modified_gmt":"2014-10-17T07:58:00","slug":"aooi-xxxviii-convegno-nazionale-di-aggiornamento-aooi-2014","status":"publish","type":"post","link":"https:\/\/giovannidanesi.com\/en\/aooi-xxxviii-convegno-nazionale-di-aggiornamento-aooi-2014\/","title":{"rendered":"<strong>AOOI XXXVIII CONVEGNO NAZIONALE DI AGGIORNAMENTO AOOI 2014<\/strong>"},"content":{"rendered":"\n<p><strong>17 &#8211; 18 Ottobre 2014<\/strong><\/p>\n\n\n\n<p>Centro Congressi Giovanni XXIII &#8211; Bergamo<br><strong>Presidente Giovanni Danesi<\/strong><\/p>\n\n\n\n<p><\/p>\n\n\n\n<p><strong>Il Benvenuto del Presidente<\/strong><\/p>\n\n\n\n<p>Cari Colleghi, in qualit\u00e0 di Presidente organizzatore ritengo sia un grande onore e un previlegio ospitare per la prima volta a Bergamo il nostro Convegno annuale. Bergamo \u00e8 una citt\u00e0 ricca di storia, arte e cultura e per questo si cala perfettamente nel ruolo di sede scientifica rispettando una tradizione che parte da lontano.<br><br>La Citt\u00e0 Alta domina con le sua mura veneziane quella bassa ma in un certo senso la protegge e invita in ogni istante a volgere lo sguardo verso il suo profilo che diventa rassicurante e misterioso al tempo stesso. In questa atmosfera storica ed esteticamente unica ci troveremo ancora una volta per confrontarci con spirito amichevole, rispetto e stima reciproci, che sono alla base delle nostre iniziative scientifiche.<br><br>L\u2019AOOI rappresenta una parte importante della vita professionale di ciascuno di noi e pertanto il mio impegno sar\u00e0 quello di onorare al meglio la tradizione che ci accompagna. Ho voluto proporre un programma scientifico stimolante che in un certo qual modo riproponga temi attuali e forieri di discussione e confronto costruttivo, un programma che porti dentro di s\u00e9 anche un po\u2019 della grande tradizione e storia dell\u2019ORL bergamasca che \u00e8 stata parte fondamentale della mia formazione e di cui mi onoro di essere un allievo.<br><br>Ho voluto introdurre una sessione di Chirurgia in diretta in HD per cercare di portare il convegno su stili meno accademici e pi\u00f9 pratici e soprattutto perch\u00e9 oggi la tecnologia digitale consente risultati di fruizione dell\u2019immagine una volta sconosciuti. Come sempre un occhio di riguardo \u00e8 stato dato ai giovani, a coloro che dovranno darci il cambio e per loro ho introdotto una sessione di video chirurgia perch\u00e9 possano presentare lo stato delle loro capacit\u00e0 e della loro passione oltre che adeguato spazio per le comunicazioni libere.<br><br>Il Tema medico-legale sar\u00e0 quest\u2019anno incentrato sulla depenalizzazione dell\u2019atto medico. Un tema cruciale per la nostra categoria che vedr\u00e0 coinvolti un magistrato amico dei medici, Umberto Nordio, il Ministro della Salute e il giornalista Vittorio Feltri. Credo che ne scaturiranno spunti importanti per il nostro futuro professionale.<br><br>Il momento della Sanit\u00e0 non \u00e8 dei pi\u00f9 facili. La cosiddetta crisi economica attanaglia non solo le risorse, ma anche e sempre pi\u00f9 spesso lo spirito, il morale, le motivazioni e il senso di appartenenza: bene, vorrei che questo convegno fosse vissuto come un&#8217;occasione per compattare le forze, le idee, il senso del fare al servizio degli altri di noi medici e chirurghi e fosse finalmente il catalizzatore di nuovo entusiasmo e pi\u00f9 grandi speranze per il futuro.<br><br>Con queste parole vi lascio e vi aspetto il prossimo ottobre.<br><br>Arrivederci a Bergamo!<\/p>\n\n\n\n<p>Il Presidente<\/p>\n\n\n\n<figure class=\"wp-block-image size-large\"><img decoding=\"async\" src=\"https:\/\/www.wordpress.giovannidanesi.com\/wp-content\/uploads\/2014\/06\/giovanni_danesi.png\" alt=\"\"\/><\/figure>\n","protected":false},"excerpt":{"rendered":"<p>17 &#8211; 18 Ottobre 2014 Centro Congressi Giovanni XXIII &#8211; BergamoPresidente Giovanni Danesi Il Benvenuto del Presidente Cari Colleghi, in qualit\u00e0 di Presidente organizzatore ritengo sia un grande onore e un previlegio ospitare per la prima volta a Bergamo il nostro Convegno annuale. Bergamo \u00e8 una citt\u00e0 ricca di storia, arte e cultura e per [&hellip;]<\/p>\n","protected":false},"author":1,"featured_media":2605,"comment_status":"open","ping_status":"open","sticky":false,"template":"","format":"standard","meta":{"_et_pb_use_builder":"","_et_pb_old_content":"","_et_gb_content_width":"","footnotes":""},"categories":[19,22],"tags":[],"class_list":["post-2753","post","type-post","status-publish","format-standard","has-post-thumbnail","hentry","category-congresses","category-press"],"yoast_head":"<!-- This site is optimized with the Yoast SEO plugin v19.10 - https:\/\/yoast.com\/wordpress\/plugins\/seo\/ -->\n<title>AOOI XXXVIII CONVEGNO NAZIONALE DI AGGIORNAMENTO AOOI 2014 - Prof. Dr. Giovanni Danesi<\/title>\n<meta name=\"robots\" content=\"index, follow, max-snippet:-1, max-image-preview:large, max-video-preview:-1\" \/>\n<link rel=\"canonical\" href=\"https:\/\/giovannidanesi.com\/en\/aooi-xxxviii-convegno-nazionale-di-aggiornamento-aooi-2014\/\" \/>\n<meta property=\"og:locale\" content=\"en_US\" \/>\n<meta property=\"og:type\" content=\"article\" \/>\n<meta property=\"og:title\" content=\"AOOI XXXVIII CONVEGNO NAZIONALE DI AGGIORNAMENTO AOOI 2014 - Prof. Dr. Giovanni Danesi\" \/>\n<meta property=\"og:description\" content=\"17 &#8211; 18 Ottobre 2014 Centro Congressi Giovanni XXIII &#8211; BergamoPresidente Giovanni Danesi Il Benvenuto del Presidente Cari Colleghi, in qualit\u00e0 di Presidente organizzatore ritengo sia un grande onore e un previlegio ospitare per la prima volta a Bergamo il nostro Convegno annuale. Bergamo \u00e8 una citt\u00e0 ricca di storia, arte e cultura e per [&hellip;]\" \/>\n<meta property=\"og:url\" content=\"https:\/\/giovannidanesi.com\/en\/aooi-xxxviii-convegno-nazionale-di-aggiornamento-aooi-2014\/\" \/>\n<meta property=\"og:site_name\" content=\"Prof. Dr. Giovanni Danesi\" \/>\n<meta property=\"article:published_time\" content=\"2014-10-17T07:58:00+00:00\" \/>\n<meta property=\"og:image\" content=\"https:\/\/www.wordpress.giovannidanesi.com\/wp-content\/uploads\/2014\/06\/2022-06-09_09h58_52.jpg\" \/>\n\t<meta property=\"og:image:width\" content=\"1908\" \/>\n\t<meta property=\"og:image:height\" content=\"926\" \/>\n\t<meta property=\"og:image:type\" content=\"image\/jpeg\" \/>\n<meta name=\"author\" content=\"aepvf\" \/>\n<meta name=\"twitter:card\" content=\"summary_large_image\" \/>\n<meta name=\"twitter:label1\" content=\"Written by\" \/>\n\t<meta name=\"twitter:data1\" content=\"aepvf\" \/>\n\t<meta name=\"twitter:label2\" content=\"Est. reading time\" \/>\n\t<meta name=\"twitter:data2\" content=\"3 minutes\" \/>\n<script type=\"application\/ld+json\" class=\"yoast-schema-graph\">{\"@context\":\"https:\/\/schema.org\",\"@graph\":[{\"@type\":\"WebPage\",\"@id\":\"https:\/\/giovannidanesi.com\/en\/aooi-xxxviii-convegno-nazionale-di-aggiornamento-aooi-2014\/\",\"url\":\"https:\/\/giovannidanesi.com\/en\/aooi-xxxviii-convegno-nazionale-di-aggiornamento-aooi-2014\/\",\"name\":\"AOOI XXXVIII CONVEGNO NAZIONALE DI AGGIORNAMENTO AOOI 2014 - Prof. Dr. Giovanni Danesi\",\"isPartOf\":{\"@id\":\"https:\/\/giovannidanesi.com\/en\/#website\"},\"datePublished\":\"2014-10-17T07:58:00+00:00\",\"dateModified\":\"2014-10-17T07:58:00+00:00\",\"author\":{\"@id\":\"https:\/\/giovannidanesi.com\/en\/#\/schema\/person\/1ec2478f88c137f1da9965233dc892cf\"},\"breadcrumb\":{\"@id\":\"https:\/\/giovannidanesi.com\/en\/aooi-xxxviii-convegno-nazionale-di-aggiornamento-aooi-2014\/#breadcrumb\"},\"inLanguage\":\"en-US\",\"potentialAction\":[{\"@type\":\"ReadAction\",\"target\":[\"https:\/\/giovannidanesi.com\/en\/aooi-xxxviii-convegno-nazionale-di-aggiornamento-aooi-2014\/\"]}]},{\"@type\":\"BreadcrumbList\",\"@id\":\"https:\/\/giovannidanesi.com\/en\/aooi-xxxviii-convegno-nazionale-di-aggiornamento-aooi-2014\/#breadcrumb\",\"itemListElement\":[{\"@type\":\"ListItem\",\"position\":1,\"name\":\"Home\",\"item\":\"https:\/\/giovannidanesi.com\/en\/\"},{\"@type\":\"ListItem\",\"position\":2,\"name\":\"AOOI XXXVIII CONVEGNO NAZIONALE DI AGGIORNAMENTO AOOI 2014\"}]},{\"@type\":\"WebSite\",\"@id\":\"https:\/\/giovannidanesi.com\/en\/#website\",\"url\":\"https:\/\/giovannidanesi.com\/en\/\",\"name\":\"Prof. Dr. Giovanni Danesi\",\"description\":\"OTORINOLARINGOIATRIA E CHIRURGIA CERVICO FACCIALE\",\"potentialAction\":[{\"@type\":\"SearchAction\",\"target\":{\"@type\":\"EntryPoint\",\"urlTemplate\":\"https:\/\/giovannidanesi.com\/en\/?s={search_term_string}\"},\"query-input\":\"required name=search_term_string\"}],\"inLanguage\":\"en-US\"},{\"@type\":\"Person\",\"@id\":\"https:\/\/giovannidanesi.com\/en\/#\/schema\/person\/1ec2478f88c137f1da9965233dc892cf\",\"name\":\"aepvf\",\"image\":{\"@type\":\"ImageObject\",\"inLanguage\":\"en-US\",\"@id\":\"https:\/\/giovannidanesi.com\/en\/#\/schema\/person\/image\/\",\"url\":\"https:\/\/secure.gravatar.com\/avatar\/d9744c5105c6751642634f7198d5a499bbc56a35cfda983df618d243c1717b19?s=96&d=mm&r=g\",\"contentUrl\":\"https:\/\/secure.gravatar.com\/avatar\/d9744c5105c6751642634f7198d5a499bbc56a35cfda983df618d243c1717b19?s=96&d=mm&r=g\",\"caption\":\"aepvf\"},\"sameAs\":[\"http:\/\/www.wordpress.giovannidanesi.com\"],\"url\":\"https:\/\/giovannidanesi.com\/en\/author\/aepvf\/\"}]}<\/script>\n<!-- \/ Yoast SEO plugin. -->","yoast_head_json":{"title":"AOOI XXXVIII CONVEGNO NAZIONALE DI AGGIORNAMENTO AOOI 2014 - Prof. Dr. Giovanni Danesi","robots":{"index":"index","follow":"follow","max-snippet":"max-snippet:-1","max-image-preview":"max-image-preview:large","max-video-preview":"max-video-preview:-1"},"canonical":"https:\/\/giovannidanesi.com\/en\/aooi-xxxviii-convegno-nazionale-di-aggiornamento-aooi-2014\/","og_locale":"en_US","og_type":"article","og_title":"AOOI XXXVIII CONVEGNO NAZIONALE DI AGGIORNAMENTO AOOI 2014 - Prof. Dr. Giovanni Danesi","og_description":"17 &#8211; 18 Ottobre 2014 Centro Congressi Giovanni XXIII &#8211; BergamoPresidente Giovanni Danesi Il Benvenuto del Presidente Cari Colleghi, in qualit\u00e0 di Presidente organizzatore ritengo sia un grande onore e un previlegio ospitare per la prima volta a Bergamo il nostro Convegno annuale. Bergamo \u00e8 una citt\u00e0 ricca di storia, arte e cultura e per [&hellip;]","og_url":"https:\/\/giovannidanesi.com\/en\/aooi-xxxviii-convegno-nazionale-di-aggiornamento-aooi-2014\/","og_site_name":"Prof. Dr. Giovanni Danesi","article_published_time":"2014-10-17T07:58:00+00:00","og_image":[{"width":1908,"height":926,"url":"https:\/\/www.wordpress.giovannidanesi.com\/wp-content\/uploads\/2014\/06\/2022-06-09_09h58_52.jpg","type":"image\/jpeg"}],"author":"aepvf","twitter_card":"summary_large_image","twitter_misc":{"Written by":"aepvf","Est. reading time":"3 minutes"},"schema":{"@context":"https:\/\/schema.org","@graph":[{"@type":"WebPage","@id":"https:\/\/giovannidanesi.com\/en\/aooi-xxxviii-convegno-nazionale-di-aggiornamento-aooi-2014\/","url":"https:\/\/giovannidanesi.com\/en\/aooi-xxxviii-convegno-nazionale-di-aggiornamento-aooi-2014\/","name":"AOOI XXXVIII CONVEGNO NAZIONALE DI AGGIORNAMENTO AOOI 2014 - Prof. Dr. Giovanni Danesi","isPartOf":{"@id":"https:\/\/giovannidanesi.com\/en\/#website"},"datePublished":"2014-10-17T07:58:00+00:00","dateModified":"2014-10-17T07:58:00+00:00","author":{"@id":"https:\/\/giovannidanesi.com\/en\/#\/schema\/person\/1ec2478f88c137f1da9965233dc892cf"},"breadcrumb":{"@id":"https:\/\/giovannidanesi.com\/en\/aooi-xxxviii-convegno-nazionale-di-aggiornamento-aooi-2014\/#breadcrumb"},"inLanguage":"en-US","potentialAction":[{"@type":"ReadAction","target":["https:\/\/giovannidanesi.com\/en\/aooi-xxxviii-convegno-nazionale-di-aggiornamento-aooi-2014\/"]}]},{"@type":"BreadcrumbList","@id":"https:\/\/giovannidanesi.com\/en\/aooi-xxxviii-convegno-nazionale-di-aggiornamento-aooi-2014\/#breadcrumb","itemListElement":[{"@type":"ListItem","position":1,"name":"Home","item":"https:\/\/giovannidanesi.com\/en\/"},{"@type":"ListItem","position":2,"name":"AOOI XXXVIII CONVEGNO NAZIONALE DI AGGIORNAMENTO AOOI 2014"}]},{"@type":"WebSite","@id":"https:\/\/giovannidanesi.com\/en\/#website","url":"https:\/\/giovannidanesi.com\/en\/","name":"Prof. Dr. Giovanni Danesi","description":"OTORINOLARINGOIATRIA E CHIRURGIA CERVICO FACCIALE","potentialAction":[{"@type":"SearchAction","target":{"@type":"EntryPoint","urlTemplate":"https:\/\/giovannidanesi.com\/en\/?s={search_term_string}"},"query-input":"required name=search_term_string"}],"inLanguage":"en-US"},{"@type":"Person","@id":"https:\/\/giovannidanesi.com\/en\/#\/schema\/person\/1ec2478f88c137f1da9965233dc892cf","name":"aepvf","image":{"@type":"ImageObject","inLanguage":"en-US","@id":"https:\/\/giovannidanesi.com\/en\/#\/schema\/person\/image\/","url":"https:\/\/secure.gravatar.com\/avatar\/d9744c5105c6751642634f7198d5a499bbc56a35cfda983df618d243c1717b19?s=96&d=mm&r=g","contentUrl":"https:\/\/secure.gravatar.com\/avatar\/d9744c5105c6751642634f7198d5a499bbc56a35cfda983df618d243c1717b19?s=96&d=mm&r=g","caption":"aepvf"},"sameAs":["http:\/\/www.wordpress.giovannidanesi.com"],"url":"https:\/\/giovannidanesi.com\/en\/author\/aepvf\/"}]}},"_links":{"self":[{"href":"https:\/\/giovannidanesi.com\/en\/wp-json\/wp\/v2\/posts\/2753","targetHints":{"allow":["GET"]}}],"collection":[{"href":"https:\/\/giovannidanesi.com\/en\/wp-json\/wp\/v2\/posts"}],"about":[{"href":"https:\/\/giovannidanesi.com\/en\/wp-json\/wp\/v2\/types\/post"}],"author":[{"embeddable":true,"href":"https:\/\/giovannidanesi.com\/en\/wp-json\/wp\/v2\/users\/1"}],"replies":[{"embeddable":true,"href":"https:\/\/giovannidanesi.com\/en\/wp-json\/wp\/v2\/comments?post=2753"}],"version-history":[{"count":0,"href":"https:\/\/giovannidanesi.com\/en\/wp-json\/wp\/v2\/posts\/2753\/revisions"}],"wp:featuredmedia":[{"embeddable":true,"href":"https:\/\/giovannidanesi.com\/en\/wp-json\/wp\/v2\/media\/2605"}],"wp:attachment":[{"href":"https:\/\/giovannidanesi.com\/en\/wp-json\/wp\/v2\/media?parent=2753"}],"wp:term":[{"taxonomy":"category","embeddable":true,"href":"https:\/\/giovannidanesi.com\/en\/wp-json\/wp\/v2\/categories?post=2753"},{"taxonomy":"post_tag","embeddable":true,"href":"https:\/\/giovannidanesi.com\/en\/wp-json\/wp\/v2\/tags?post=2753"}],"curies":[{"name":"wp","href":"https:\/\/api.w.org\/{rel}","templated":true}]}}